{"id":155,"date":"2015-04-26T14:52:55","date_gmt":"2015-04-26T14:52:55","guid":{"rendered":"http:\/\/www.tjsokolzdikov.cz\/?p=155"},"modified":"2016-03-09T14:54:13","modified_gmt":"2016-03-09T14:54:13","slug":"zdikovstachy-vacov-2-0","status":"publish","type":"post","link":"http:\/\/www.tjsokolzdikov.cz\/?p=155","title":{"rendered":"Zd\u00edkov\/Stachy &#8211; Vacov   2 : 0"},"content":{"rendered":"<p><b>Zd\u00edkov\/Stachy &#8211; Vacov 2-0\u00a0<\/b><\/p>\n<p>Branky: Va\u0161\u00ed\u010dek Ji\u0159\u00ed, Zeman Josef<\/p>\n<p>Pro mnoh\u00e9 z kluk\u016f z\u00e1pas jara, nebo\u0165 se oba t\u00fdmy dob\u0159e znaj\u00ed. Mnoz\u00ed hr\u00e1\u010di z Vacova hr\u00e1lo v minolosti ve Zd\u00edkov\u011b a opa\u010dn\u011b. Soupe\u0159 cht\u011bl od\u010dinit prohru z podzimu. Od za\u010d\u00e1tku byli vacov\u0161t\u00ed aktivn\u011bj\u0161\u00ed a lep\u0161\u00ed v pohybu, ov\u0161em jejich snaha kon\u010dila na hranici velk\u00e9ho v\u00e1pna nebo v n\u00e1ru\u010d\u00ed brank\u00e1\u0159e \u0160imka.Ten pat\u0159il v tomto utk\u00e1n\u00ed ke kl\u00ed\u010dov\u00fdm \u010dl\u00e1nk\u016fm \u00fasp\u011bchu. Prvn\u00ed branka utk\u00e1n\u00ed padla po nen\u00e1padn\u00e9 akci, Zeman vhazoval aut, na\u0161el nab\u00edhaj\u00edc\u00edho Ren\u00e9ho Kureje a ten na\u0161el p\u0159ed brankou zcela opu\u0161t\u011bn\u00e9ho Va\u0161\u00ed\u010dka -1:0. Host\u00e9 vyvinuli je\u0161t\u011b v\u011bt\u0161\u00ed aktivitu, ale branky se nedo\u010dkali. Naopak dom\u00e1c\u00ed \u00a0podnikali nebezpe\u010dn\u00e9 brejky. V druh\u00e9 p\u016fli pe\u010detil v\u00fdsledek Zeman po nedorozum\u011bn\u00ed hostuj\u00edc\u00ed obrany a brank\u00e1\u0159e.<\/p>\n<p>Do\u010dkali jsme se tak prvn\u00edch jarn\u00edch bod\u016f.<\/p>\n","protected":false},"excerpt":{"rendered":"<p>Zd\u00edkov\/Stachy &#8211; Vacov 2-0\u00a0 Branky: Va\u0161\u00ed\u010dek Ji\u0159\u00ed, Zeman Josef Pro mnoh\u00e9 z kluk\u016f z\u00e1pas jara, nebo\u0165 se oba t\u00fdmy dob\u0159e znaj\u00ed. Mnoz\u00ed hr\u00e1\u010di z Vacova hr\u00e1lo v minolosti ve Zd\u00edkov\u011b a opa\u010dn\u011b. Soupe\u0159 cht\u011bl od\u010dinit prohru z podzimu. Od za\u010d\u00e1tku byli vacov\u0161t\u00ed aktivn\u011bj\u0161\u00ed a lep\u0161\u00ed v pohybu, ov\u0161em jejich snaha kon\u010dila na hranici velk\u00e9ho v\u00e1pna &hellip; <\/p>\n<p class=\"link-more\"><a href=\"http:\/\/www.tjsokolzdikov.cz\/?p=155\" class=\"more-link\">Pokra\u010dovat ve \u010dten\u00ed<span class=\"screen-reader-text\"> &#8222;Zd\u00edkov\/Stachy &#8211; Vacov   2 : 0&#8220;<\/span><\/a><\/p>\n","protected":false},"author":1,"featured_media":23,"comment_status":"open","ping_status":"open","sticky":false,"template":"","format":"standard","meta":{"footnotes":""},"categories":[4],"tags":[],"class_list":["post-155","post","type-post","status-publish","format-standard","has-post-thumbnail","hentry","category-dorost"],"_links":{"self":[{"href":"http:\/\/www.tjsokolzdikov.cz\/index.php?rest_route=\/wp\/v2\/posts\/155","targetHints":{"allow":["GET"]}}],"collection":[{"href":"http:\/\/www.tjsokolzdikov.cz\/index.php?rest_route=\/wp\/v2\/posts"}],"about":[{"href":"http:\/\/www.tjsokolzdikov.cz\/index.php?rest_route=\/wp\/v2\/types\/post"}],"author":[{"embeddable":true,"href":"http:\/\/www.tjsokolzdikov.cz\/index.php?rest_route=\/wp\/v2\/users\/1"}],"replies":[{"embeddable":true,"href":"http:\/\/www.tjsokolzdikov.cz\/index.php?rest_route=%2Fwp%2Fv2%2Fcomments&post=155"}],"version-history":[{"count":1,"href":"http:\/\/www.tjsokolzdikov.cz\/index.php?rest_route=\/wp\/v2\/posts\/155\/revisions"}],"predecessor-version":[{"id":156,"href":"http:\/\/www.tjsokolzdikov.cz\/index.php?rest_route=\/wp\/v2\/posts\/155\/revisions\/156"}],"wp:featuredmedia":[{"embeddable":true,"href":"http:\/\/www.tjsokolzdikov.cz\/index.php?rest_route=\/wp\/v2\/media\/23"}],"wp:attachment":[{"href":"http:\/\/www.tjsokolzdikov.cz\/index.php?rest_route=%2Fwp%2Fv2%2Fmedia&parent=155"}],"wp:term":[{"taxonomy":"category","embeddable":true,"href":"http:\/\/www.tjsokolzdikov.cz\/index.php?rest_route=%2Fwp%2Fv2%2Fcategories&post=155"},{"taxonomy":"post_tag","embeddable":true,"href":"http:\/\/www.tjsokolzdikov.cz\/index.php?rest_route=%2Fwp%2Fv2%2Ftags&post=155"}],"curies":[{"name":"wp","href":"https:\/\/api.w.org\/{rel}","templated":true}]}}